{"id":947,"date":"2025-06-02T11:22:52","date_gmt":"2025-06-02T09:22:52","guid":{"rendered":"https:\/\/defisdefemmes.fr\/?p=947"},"modified":"2025-06-02T12:07:21","modified_gmt":"2025-06-02T10:07:21","slug":"journee-internationale-daction-pour-la-sante-de-la-femmes","status":"publish","type":"post","link":"https:\/\/defisdefemmes.fr\/index.php\/2025\/06\/02\/journee-internationale-daction-pour-la-sante-de-la-femmes\/","title":{"rendered":"JOURNEE INTERNATIONALE D\u2019ACTION POUR LA SANTE DES FEMMES"},"content":{"rendered":"\n<p>La journ\u00e9e internationale d\u2019action pour la sant\u00e9 des femmes est c\u00e9l\u00e9br\u00e9e le 28 mai depuis 1987. Son objectif ? Sensibiliser le grand public aux probl\u00e8mes de sant\u00e9 sp\u00e9cifiques aux femmes.<\/p>\n\n\n\n<p>En 2015, selon l\u2019Organisation mondiale de la sant\u00e9 (OMS), 18,9 millions de femmes mourraient des suites d\u2019une maladie non transmissible. Il s\u2019agit de la cause principale de mortalit\u00e9 chez les femmes dans le monde. Ces maladies non transmissibles incluent notamment les maladies cardiovasculaires et le cancer, notamment ceux du col de l\u2019ut\u00e9rus, du sein et des poumons.<\/p>\n\n\n\n<p>Le cancer, une maladie en constante progression chez les femmes<\/p>\n\n\n\n<p>En 2023, Sant\u00e9 Publique France diffuse de nouveaux chiffres sur le cancer. Depuis 1990, le taux d\u2019incidence g\u00e9n\u00e9ral \u2013 c\u2019est-\u00e0-dire qui englobe tous les cancers \u2013 pour les femmes augmente chaque ann\u00e9e de 0,9% (contre 0,3% pour les hommes).<\/p>\n\n\n\n<p>Le cancer le plus fr\u00e9quent est le cancer du sein, avec environ 61 000 nouveaux cas en 2023 sur un total de 187 500 cancers diagnostiqu\u00e9s chez les femmes. Viennent ensuite le cancer du c\u00f4lon-rectum (21 300 cas) et celui du poumon (19 300 cas). Ces trois cancers sont les plus meurtriers.<\/p>\n\n\n\n<p>Les femmes sont \u00e9galement touch\u00e9es par d\u2019autres cancers affectant la sph\u00e8re gyn\u00e9cologique : cancer de l\u2019ovaire, cancers du col et du corps de l\u2019ut\u00e9rus.<\/p>\n\n\n\n<p>Le d\u00e9pistage est primordial pour d\u00e9celer rapidement les premiers sympt\u00f4mes et garantir la meilleure prise en charge possible.<\/p>\n\n\n\n<p>Pas de sant\u00e9 globale sans prise en compte de la sant\u00e9 mentale des femmes<\/p>\n\n\n\n<p>Les cons\u00e9quences de la charge mentale sur la sant\u00e9 des femmes<\/p>\n\n\n\n<p>Les femmes font face \u00e0 une charge mentale tant sur le plan personnel que professionnel. La charge mentale a des r\u00e9percussions graves sur la sant\u00e9 mentale. Elle se traduit par de l\u2019anxi\u00e9t\u00e9, du stress, une fatigue extr\u00eame, voire, un burn out.<\/p>\n\n\n\n<p>N\u2019h\u00e9sitez pas \u00e0 aborder ce sujet avec votre entourage, votre conjoint\u00b7e ou votre famille. Article complet \u00e0 retrouver sur&nbsp;: <a href=\"https:\/\/mutuelle-msp.fr\/le-28-mai-journee-internationale-daction-pour-la-sante-des-femmes\/\">https:\/\/mutuelle-msp.fr\/le-28-mai-journee-internationale-daction-pour-la-sante-des-femmes\/<\/a><\/p>\n\n\n\n<p class=\"has-text-align-center\"><\/p>\n","protected":false},"excerpt":{"rendered":"<p>La journ\u00e9e internationale d\u2019action pour la sant\u00e9 des femmes est c\u00e9l\u00e9br\u00e9e le 28 mai depuis 1987. Son objectif ? Sensibiliser le grand public aux probl\u00e8mes de sant\u00e9 sp\u00e9cifiques aux femmes. En 2015, selon l\u2019Organisation mondiale de la sant\u00e9 (OMS), 18,9 millions de femmes mourraient des suites d\u2019une maladie non transmissible. Il s\u2019agit de la cause [&hellip;]<\/p>\n","protected":false},"author":1,"featured_media":0,"comment_status":"open","ping_status":"open","sticky":false,"template":"","format":"standard","meta":{"_kadence_starter_templates_imported_post":false,"footnotes":""},"categories":[1],"tags":[],"class_list":["post-947","post","type-post","status-publish","format-standard","hentry","category-non-classe"],"_links":{"self":[{"href":"https:\/\/defisdefemmes.fr\/index.php\/wp-json\/wp\/v2\/posts\/947","targetHints":{"allow":["GET"]}}],"collection":[{"href":"https:\/\/defisdefemmes.fr\/index.php\/wp-json\/wp\/v2\/posts"}],"about":[{"href":"https:\/\/defisdefemmes.fr\/index.php\/wp-json\/wp\/v2\/types\/post"}],"author":[{"embeddable":true,"href":"https:\/\/defisdefemmes.fr\/index.php\/wp-json\/wp\/v2\/users\/1"}],"replies":[{"embeddable":true,"href":"https:\/\/defisdefemmes.fr\/index.php\/wp-json\/wp\/v2\/comments?post=947"}],"version-history":[{"count":5,"href":"https:\/\/defisdefemmes.fr\/index.php\/wp-json\/wp\/v2\/posts\/947\/revisions"}],"predecessor-version":[{"id":982,"href":"https:\/\/defisdefemmes.fr\/index.php\/wp-json\/wp\/v2\/posts\/947\/revisions\/982"}],"wp:attachment":[{"href":"https:\/\/defisdefemmes.fr\/index.php\/wp-json\/wp\/v2\/media?parent=947"}],"wp:term":[{"taxonomy":"category","embeddable":true,"href":"https:\/\/defisdefemmes.fr\/index.php\/wp-json\/wp\/v2\/categories?post=947"},{"taxonomy":"post_tag","embeddable":true,"href":"https:\/\/defisdefemmes.fr\/index.php\/wp-json\/wp\/v2\/tags?post=947"}],"curies":[{"name":"wp","href":"https:\/\/api.w.org\/{rel}","templated":true}]}}